{"id":7397,"date":"2013-12-06T00:00:00","date_gmt":"2013-12-05T22:00:00","guid":{"rendered":"https:\/\/www.joinmytrip.com\/blog\/reiseperlen-2014-es-geht-um-die-welt-neuer-gemeinschaftskatalog-der-spezialisten-des-forum-anders-reisen\/"},"modified":"2013-12-06T00:00:00","modified_gmt":"2013-12-05T22:00:00","slug":"reiseperlen-2014-es-geht-um-die-welt-neuer-gemeinschaftskatalog-der-spezialisten-des-forum-anders-reisen","status":"publish","type":"post","link":"https:\/\/www.joinmytrip.com\/blog\/de\/reiseperlen-2014-es-geht-um-die-welt-neuer-gemeinschaftskatalog-der-spezialisten-des-forum-anders-reisen\/","title":{"rendered":"Reiseperlen 2014: Es geht um die Welt. Neuer Gemeinschaftskatalog der Spezialisten des forum anders reisen"},"content":{"rendered":"<p>In ihrem neunten Gemeinschaftskatalog pr\u00e4sentieren die Spezialisten des Verbandes f\u00fcr nachhaltigen Tourismus 142 ausgesuchte Nah- und Fernreisen in 66 L\u00e4nder. Erstmalig ist die CO2-Kompensation der Fl\u00fcge bei ausgew\u00e4hlten Reisen in den Reisepreis inkludiert. Hiermit setzt das forum anders reisen ein Zeichen in puncto Klimaschutz im Tourismus.<br \/> <br \/>\n <!--more--><\/p>\n<h1>Es geht um die Welt<\/h1>\n<p>\n <!--wpads#left--> Mit neuem Logo und dem neuen Claim \u201eEs geht um die Welt\u201c pr\u00e4sentieren sich das forum anders reisen und die Reiseperlen 2014 in einem neuen und frischen Design. Der Claim spiegelt durch seine Doppeldeutigkeit den Anspruch des Verbandes wider, Reisen an verantwortungsvolles Handeln zu koppeln.<\/p>\n<h1>CO2-Kompensation bei Fl\u00fcgen<\/h1>\n<p>Erste Mitglieder des forum anders reisen inkludieren ab der Saison 2014 bei ausgew\u00e4hlten Reisen die CO2-Kompensation der Fl\u00fcge in den Reisepreis. Hierzu geh\u00f6ren Reisen der Veranstalter Accept Reisen, a&#038;e erlebnis:reisen, \u00c4ksyt \u00c4mm\u00e4t, contrastravel, Neue Wege Seminare &#038; Reisen, nomad. Reisen zu den Menschen, oekoplusreisen, ONE WORLD Reisen mit Sinnen, seabreeze travel und travel-to-nature. Die Kompensationszahlung erfolgt \u00fcber die Klimainitiative atmosfair, welche hierdurch Projekte in Entwicklungsl\u00e4ndern finanziert, die einen direkten Beitrag zum Klimaschutz leisten. \u201eAlle unsere Veranstalter erf\u00fcllen die h\u00f6chsten Standards f\u00fcr umwelt- und sozialvertr\u00e4gliches Reisen\u201c, erkl\u00e4rt Johannes Rei\u00dfland, Gesch\u00e4ftsf\u00fchrer des Verbandes. \u201eDa ist es f\u00fcr uns nur konsequent mit der Inkludierung der CO2-Kompensation einen weiteren Schritt in Richtung klimafreundlicher Tourismus zu gehen.\u201c<\/p>\n<h1>Hoher Erlebnis- und Erholungswert<\/h1>\n<p>Neben der Ber\u00fccksichtigung umwelt- und sozialvertr\u00e4glicher Aspekte zeichnen sich die Reisen der Mitglieder des forum anders reisen durch einen hohen Erlebnis- und Erholungswert aus. Die spezialisierten Veranstalter sind echte Kenner ihrer Destinationen und bieten ihren G\u00e4sten ganz besondere Begegnungen und Einblicke in die Kultur und Natur der Reisel\u00e4nder.<\/p>\n<h1>142 Reisen in alle Teile dieser Welt<\/h1>\n<p>142 dieser besonderen Reisen finden interessierte Reisende im Reiseperlen-Katalog 2014. Das vielseitige Angebot umfasst Erlebnis- und Begegnungsreisen, Aktivreisen zu Land und zu Wasser, Wellness- und Gesundheitsreisen, Bildungs- und kulinarische Reisen, Reisen zu WWF-Projekten, Familienurlaub und St\u00e4dtereisen. Neben beliebten Klassikern wie der Chinesischen Landpartie per Rad und dem Wintercamp im schwedischen Idre gibt es auch eine ganze Reihe neuer Reiseideen: darunter eine Individualreise mit dem Mietwagen durch Kuba, eine Frauenreise nach Kappadokien, Ayurveda &#038; Dorfleben in Sri Lanka und bewusstes Wandern in <a class=\"wpil_keyword_link\" href=\"https:\/\/www.joinmytrip.com\/en\/all-trips\/group-trips\/Africa\/Namibia\"   title=\"Namibia\" data-wpil-keyword-link=\"linked\" target=\"_blank\">Namibia<\/a>.<\/p>\n<p>Katalogbestellung und weitere Informationen unter <a href=\"http:\/\/forumandersreisen.de\/\" target=\"_blank\">www.forumandersreisen.de<\/a>, per E-Mail an katalog@forumandersreisen.de und telefonisch unter 0761 \u2013 4 01 26 99-0. Auf der Homepage des Verbandes kann auch umweltfreundlich in der Online-Version des Kataloges gebl\u00e4ttert werden.<\/p>\n<h1>Mit einem Reisepartner auf Fernreise<\/h1>\n<p>Du suchst einen passenden Reisepartner f\u00fcr Fernreisen? Dann schau mal auf joinmytrip.de unter: <a href=\"https:\/\/www.joinmytrip.de\/reisepartner\/fernwanderweg-reisepartner-7885\/\" target=\"_blank\">Reisepartner Fernreisen<\/a><\/p>\n<p class=\"quelle\">Quelle:\u00a0forumandersreisen.de<\/p>\n","protected":false},"excerpt":{"rendered":"<p>In ihrem neunten Gemeinschaftskatalog pr\u00e4sentieren die Spezialisten des Verbandes f\u00fcr nachhaltigen Tourismus 142 ausgesuchte Nah- und Fernreisen in 66 L\u00e4nder. Erstmalig ist die CO2-Kompensation der Fl\u00fcge bei ausgew\u00e4hlten Reisen in den Reisepreis inkludiert. Hiermit setzt das forum anders reisen ein Zeichen in puncto Klimaschutz im Tourismus.<\/p>\n","protected":false},"author":35,"featured_media":0,"comment_status":"open","ping_status":"open","sticky":false,"template":"","format":"standard","meta":{"footnotes":""},"categories":[15],"tags":[],"class_list":["post-7397","post","type-post","status-publish","format-standard","hentry","category-uncategorized-de"],"yoast_head":"<!-- This site is optimized with the Yoast SEO plugin v27.5 - https:\/\/yoast.com\/product\/yoast-seo-wordpress\/ -->\n<title>% Reiseperlen 2014: Es geht um die Welt. Neuer Gemeinschaftskatalog der Spezialisten des forum anders reisen<\/title>\n<meta name=\"robots\" content=\"index, follow, max-snippet:-1, max-image-preview:large, max-video-preview:-1\" \/>\n<link rel=\"canonical\" href=\"https:\/\/www.joinmytrip.com\/blog\/de\/reiseperlen-2014-es-geht-um-die-welt-neuer-gemeinschaftskatalog-der-spezialisten-des-forum-anders-reisen\/\" \/>\n<meta property=\"og:locale\" content=\"en_US\" \/>\n<meta property=\"og:type\" content=\"article\" \/>\n<meta property=\"og:title\" content=\"% Reiseperlen 2014: Es geht um die Welt. Neuer Gemeinschaftskatalog der Spezialisten des forum anders reisen\" \/>\n<meta property=\"og:description\" content=\"In ihrem neunten Gemeinschaftskatalog pr\u00e4sentieren die Spezialisten des Verbandes f\u00fcr nachhaltigen Tourismus 142 ausgesuchte Nah- und Fernreisen in 66 L\u00e4nder. Erstmalig ist die CO2-Kompensation der Fl\u00fcge bei ausgew\u00e4hlten Reisen in den Reisepreis inkludiert. Hiermit setzt das forum anders reisen ein Zeichen in puncto Klimaschutz im Tourismus.\" \/>\n<meta property=\"og:url\" content=\"https:\/\/www.joinmytrip.com\/blog\/de\/reiseperlen-2014-es-geht-um-die-welt-neuer-gemeinschaftskatalog-der-spezialisten-des-forum-anders-reisen\/\" \/>\n<meta property=\"og:site_name\" content=\"Your Guide to the World of Non-Standard Group Travel\" \/>\n<meta property=\"article:publisher\" content=\"https:\/\/www.facebook.com\/joinmytripDE\/\" \/>\n<meta property=\"article:published_time\" content=\"2013-12-05T22:00:00+00:00\" \/>\n<meta name=\"author\" content=\"Dyah\" \/>\n<meta name=\"twitter:card\" content=\"summary_large_image\" \/>\n<meta name=\"twitter:label1\" content=\"Written by\" \/>\n\t<meta name=\"twitter:data1\" content=\"Dyah\" \/>\n\t<meta name=\"twitter:label2\" content=\"Est. reading time\" \/>\n\t<meta name=\"twitter:data2\" content=\"2 minutes\" \/>\n<script type=\"application\/ld+json\" class=\"yoast-schema-graph\">{\"@context\":\"https:\\\/\\\/schema.org\",\"@graph\":[{\"@type\":\"Article\",\"@id\":\"https:\\\/\\\/www.joinmytrip.com\\\/blog\\\/de\\\/reiseperlen-2014-es-geht-um-die-welt-neuer-gemeinschaftskatalog-der-spezialisten-des-forum-anders-reisen\\\/#article\",\"isPartOf\":{\"@id\":\"https:\\\/\\\/www.joinmytrip.com\\\/blog\\\/de\\\/reiseperlen-2014-es-geht-um-die-welt-neuer-gemeinschaftskatalog-der-spezialisten-des-forum-anders-reisen\\\/\"},\"author\":{\"name\":\"Dyah\",\"@id\":\"https:\\\/\\\/www.joinmytrip.com\\\/blog\\\/#\\\/schema\\\/person\\\/823d460c9a1bb8122ac740f3ba1f8155\"},\"headline\":\"Reiseperlen 2014: Es geht um die Welt. Neuer Gemeinschaftskatalog der Spezialisten des forum anders reisen\",\"datePublished\":\"2013-12-05T22:00:00+00:00\",\"mainEntityOfPage\":{\"@id\":\"https:\\\/\\\/www.joinmytrip.com\\\/blog\\\/de\\\/reiseperlen-2014-es-geht-um-die-welt-neuer-gemeinschaftskatalog-der-spezialisten-des-forum-anders-reisen\\\/\"},\"wordCount\":448,\"commentCount\":0,\"publisher\":{\"@id\":\"https:\\\/\\\/www.joinmytrip.com\\\/blog\\\/#organization\"},\"inLanguage\":\"en-US\",\"potentialAction\":[{\"@type\":\"CommentAction\",\"name\":\"Comment\",\"target\":[\"https:\\\/\\\/www.joinmytrip.com\\\/blog\\\/de\\\/reiseperlen-2014-es-geht-um-die-welt-neuer-gemeinschaftskatalog-der-spezialisten-des-forum-anders-reisen\\\/#respond\"]}]},{\"@type\":\"WebPage\",\"@id\":\"https:\\\/\\\/www.joinmytrip.com\\\/blog\\\/de\\\/reiseperlen-2014-es-geht-um-die-welt-neuer-gemeinschaftskatalog-der-spezialisten-des-forum-anders-reisen\\\/\",\"url\":\"https:\\\/\\\/www.joinmytrip.com\\\/blog\\\/de\\\/reiseperlen-2014-es-geht-um-die-welt-neuer-gemeinschaftskatalog-der-spezialisten-des-forum-anders-reisen\\\/\",\"name\":\"% Reiseperlen 2014: Es geht um die Welt. Neuer Gemeinschaftskatalog der Spezialisten des forum anders reisen\",\"isPartOf\":{\"@id\":\"https:\\\/\\\/www.joinmytrip.com\\\/blog\\\/#website\"},\"datePublished\":\"2013-12-05T22:00:00+00:00\",\"breadcrumb\":{\"@id\":\"https:\\\/\\\/www.joinmytrip.com\\\/blog\\\/de\\\/reiseperlen-2014-es-geht-um-die-welt-neuer-gemeinschaftskatalog-der-spezialisten-des-forum-anders-reisen\\\/#breadcrumb\"},\"inLanguage\":\"en-US\",\"potentialAction\":[{\"@type\":\"ReadAction\",\"target\":[\"https:\\\/\\\/www.joinmytrip.com\\\/blog\\\/de\\\/reiseperlen-2014-es-geht-um-die-welt-neuer-gemeinschaftskatalog-der-spezialisten-des-forum-anders-reisen\\\/\"]}]},{\"@type\":\"BreadcrumbList\",\"@id\":\"https:\\\/\\\/www.joinmytrip.com\\\/blog\\\/de\\\/reiseperlen-2014-es-geht-um-die-welt-neuer-gemeinschaftskatalog-der-spezialisten-des-forum-anders-reisen\\\/#breadcrumb\",\"itemListElement\":[{\"@type\":\"ListItem\",\"position\":1,\"name\":\"Home\",\"item\":\"https:\\\/\\\/www.joinmytrip.com\\\/blog\\\/\"},{\"@type\":\"ListItem\",\"position\":2,\"name\":\"Reiseperlen 2014: Es geht um die Welt. Neuer Gemeinschaftskatalog der Spezialisten des forum anders reisen\"}]},{\"@type\":\"WebSite\",\"@id\":\"https:\\\/\\\/www.joinmytrip.com\\\/blog\\\/#website\",\"url\":\"https:\\\/\\\/www.joinmytrip.com\\\/blog\\\/\",\"name\":\"Your Guide to the World of Non-Standard Group Travel\",\"description\":\"\",\"publisher\":{\"@id\":\"https:\\\/\\\/www.joinmytrip.com\\\/blog\\\/#organization\"},\"potentialAction\":[{\"@type\":\"SearchAction\",\"target\":{\"@type\":\"EntryPoint\",\"urlTemplate\":\"https:\\\/\\\/www.joinmytrip.com\\\/blog\\\/?s={search_term_string}\"},\"query-input\":{\"@type\":\"PropertyValueSpecification\",\"valueRequired\":true,\"valueName\":\"search_term_string\"}}],\"inLanguage\":\"en-US\"},{\"@type\":\"Organization\",\"@id\":\"https:\\\/\\\/www.joinmytrip.com\\\/blog\\\/#organization\",\"name\":\"JoinMyTrip\",\"url\":\"https:\\\/\\\/www.joinmytrip.com\\\/blog\\\/\",\"logo\":{\"@type\":\"ImageObject\",\"inLanguage\":\"en-US\",\"@id\":\"https:\\\/\\\/www.joinmytrip.com\\\/blog\\\/#\\\/schema\\\/logo\\\/image\\\/\",\"url\":\"https:\\\/\\\/www.joinmytrip.com\\\/blog\\\/wp-content\\\/uploads\\\/2022\\\/07\\\/JoinMyTrip_Logo_transparent.png\",\"contentUrl\":\"https:\\\/\\\/www.joinmytrip.com\\\/blog\\\/wp-content\\\/uploads\\\/2022\\\/07\\\/JoinMyTrip_Logo_transparent.png\",\"width\":466,\"height\":566,\"caption\":\"JoinMyTrip\"},\"image\":{\"@id\":\"https:\\\/\\\/www.joinmytrip.com\\\/blog\\\/#\\\/schema\\\/logo\\\/image\\\/\"},\"sameAs\":[\"https:\\\/\\\/www.facebook.com\\\/joinmytripDE\\\/\",\"https:\\\/\\\/www.instagram.com\\\/joinmytrip_\\\/\",\"https:\\\/\\\/www.linkedin.com\\\/company\\\/joinmytrip1\"]},{\"@type\":\"Person\",\"@id\":\"https:\\\/\\\/www.joinmytrip.com\\\/blog\\\/#\\\/schema\\\/person\\\/823d460c9a1bb8122ac740f3ba1f8155\",\"name\":\"Dyah\",\"image\":{\"@type\":\"ImageObject\",\"inLanguage\":\"en-US\",\"@id\":\"https:\\\/\\\/secure.gravatar.com\\\/avatar\\\/f87388b634a234cc4f415a644cc1bd7048a09f008ec71d012bf1422082b2707b?s=96&d=mm&r=g\",\"url\":\"https:\\\/\\\/secure.gravatar.com\\\/avatar\\\/f87388b634a234cc4f415a644cc1bd7048a09f008ec71d012bf1422082b2707b?s=96&d=mm&r=g\",\"contentUrl\":\"https:\\\/\\\/secure.gravatar.com\\\/avatar\\\/f87388b634a234cc4f415a644cc1bd7048a09f008ec71d012bf1422082b2707b?s=96&d=mm&r=g\",\"caption\":\"Dyah\"},\"description\":\"Dyah has been writing travel content for over three and a half years, exploring Southeast Asia and Japan along the way. Her experiences have shaped her ability to share practical tips and authentic local insights with travelers. At JoinMyTrip, she combines her passion for storytelling with community-building through the blog.\",\"url\":\"https:\\\/\\\/www.joinmytrip.com\\\/blog\\\/author\\\/dyah\\\/\"}]}<\/script>\n<!-- \/ Yoast SEO plugin. -->","yoast_head_json":{"title":"% Reiseperlen 2014: Es geht um die Welt. Neuer Gemeinschaftskatalog der Spezialisten des forum anders reisen","robots":{"index":"index","follow":"follow","max-snippet":"max-snippet:-1","max-image-preview":"max-image-preview:large","max-video-preview":"max-video-preview:-1"},"canonical":"https:\/\/www.joinmytrip.com\/blog\/de\/reiseperlen-2014-es-geht-um-die-welt-neuer-gemeinschaftskatalog-der-spezialisten-des-forum-anders-reisen\/","og_locale":"en_US","og_type":"article","og_title":"% Reiseperlen 2014: Es geht um die Welt. Neuer Gemeinschaftskatalog der Spezialisten des forum anders reisen","og_description":"In ihrem neunten Gemeinschaftskatalog pr\u00e4sentieren die Spezialisten des Verbandes f\u00fcr nachhaltigen Tourismus 142 ausgesuchte Nah- und Fernreisen in 66 L\u00e4nder. Erstmalig ist die CO2-Kompensation der Fl\u00fcge bei ausgew\u00e4hlten Reisen in den Reisepreis inkludiert. Hiermit setzt das forum anders reisen ein Zeichen in puncto Klimaschutz im Tourismus.","og_url":"https:\/\/www.joinmytrip.com\/blog\/de\/reiseperlen-2014-es-geht-um-die-welt-neuer-gemeinschaftskatalog-der-spezialisten-des-forum-anders-reisen\/","og_site_name":"Your Guide to the World of Non-Standard Group Travel","article_publisher":"https:\/\/www.facebook.com\/joinmytripDE\/","article_published_time":"2013-12-05T22:00:00+00:00","author":"Dyah","twitter_card":"summary_large_image","twitter_misc":{"Written by":"Dyah","Est. reading time":"2 minutes"},"schema":{"@context":"https:\/\/schema.org","@graph":[{"@type":"Article","@id":"https:\/\/www.joinmytrip.com\/blog\/de\/reiseperlen-2014-es-geht-um-die-welt-neuer-gemeinschaftskatalog-der-spezialisten-des-forum-anders-reisen\/#article","isPartOf":{"@id":"https:\/\/www.joinmytrip.com\/blog\/de\/reiseperlen-2014-es-geht-um-die-welt-neuer-gemeinschaftskatalog-der-spezialisten-des-forum-anders-reisen\/"},"author":{"name":"Dyah","@id":"https:\/\/www.joinmytrip.com\/blog\/#\/schema\/person\/823d460c9a1bb8122ac740f3ba1f8155"},"headline":"Reiseperlen 2014: Es geht um die Welt. Neuer Gemeinschaftskatalog der Spezialisten des forum anders reisen","datePublished":"2013-12-05T22:00:00+00:00","mainEntityOfPage":{"@id":"https:\/\/www.joinmytrip.com\/blog\/de\/reiseperlen-2014-es-geht-um-die-welt-neuer-gemeinschaftskatalog-der-spezialisten-des-forum-anders-reisen\/"},"wordCount":448,"commentCount":0,"publisher":{"@id":"https:\/\/www.joinmytrip.com\/blog\/#organization"},"inLanguage":"en-US","potentialAction":[{"@type":"CommentAction","name":"Comment","target":["https:\/\/www.joinmytrip.com\/blog\/de\/reiseperlen-2014-es-geht-um-die-welt-neuer-gemeinschaftskatalog-der-spezialisten-des-forum-anders-reisen\/#respond"]}]},{"@type":"WebPage","@id":"https:\/\/www.joinmytrip.com\/blog\/de\/reiseperlen-2014-es-geht-um-die-welt-neuer-gemeinschaftskatalog-der-spezialisten-des-forum-anders-reisen\/","url":"https:\/\/www.joinmytrip.com\/blog\/de\/reiseperlen-2014-es-geht-um-die-welt-neuer-gemeinschaftskatalog-der-spezialisten-des-forum-anders-reisen\/","name":"% Reiseperlen 2014: Es geht um die Welt. Neuer Gemeinschaftskatalog der Spezialisten des forum anders reisen","isPartOf":{"@id":"https:\/\/www.joinmytrip.com\/blog\/#website"},"datePublished":"2013-12-05T22:00:00+00:00","breadcrumb":{"@id":"https:\/\/www.joinmytrip.com\/blog\/de\/reiseperlen-2014-es-geht-um-die-welt-neuer-gemeinschaftskatalog-der-spezialisten-des-forum-anders-reisen\/#breadcrumb"},"inLanguage":"en-US","potentialAction":[{"@type":"ReadAction","target":["https:\/\/www.joinmytrip.com\/blog\/de\/reiseperlen-2014-es-geht-um-die-welt-neuer-gemeinschaftskatalog-der-spezialisten-des-forum-anders-reisen\/"]}]},{"@type":"BreadcrumbList","@id":"https:\/\/www.joinmytrip.com\/blog\/de\/reiseperlen-2014-es-geht-um-die-welt-neuer-gemeinschaftskatalog-der-spezialisten-des-forum-anders-reisen\/#breadcrumb","itemListElement":[{"@type":"ListItem","position":1,"name":"Home","item":"https:\/\/www.joinmytrip.com\/blog\/"},{"@type":"ListItem","position":2,"name":"Reiseperlen 2014: Es geht um die Welt. Neuer Gemeinschaftskatalog der Spezialisten des forum anders reisen"}]},{"@type":"WebSite","@id":"https:\/\/www.joinmytrip.com\/blog\/#website","url":"https:\/\/www.joinmytrip.com\/blog\/","name":"Your Guide to the World of Non-Standard Group Travel","description":"","publisher":{"@id":"https:\/\/www.joinmytrip.com\/blog\/#organization"},"potentialAction":[{"@type":"SearchAction","target":{"@type":"EntryPoint","urlTemplate":"https:\/\/www.joinmytrip.com\/blog\/?s={search_term_string}"},"query-input":{"@type":"PropertyValueSpecification","valueRequired":true,"valueName":"search_term_string"}}],"inLanguage":"en-US"},{"@type":"Organization","@id":"https:\/\/www.joinmytrip.com\/blog\/#organization","name":"JoinMyTrip","url":"https:\/\/www.joinmytrip.com\/blog\/","logo":{"@type":"ImageObject","inLanguage":"en-US","@id":"https:\/\/www.joinmytrip.com\/blog\/#\/schema\/logo\/image\/","url":"https:\/\/www.joinmytrip.com\/blog\/wp-content\/uploads\/2022\/07\/JoinMyTrip_Logo_transparent.png","contentUrl":"https:\/\/www.joinmytrip.com\/blog\/wp-content\/uploads\/2022\/07\/JoinMyTrip_Logo_transparent.png","width":466,"height":566,"caption":"JoinMyTrip"},"image":{"@id":"https:\/\/www.joinmytrip.com\/blog\/#\/schema\/logo\/image\/"},"sameAs":["https:\/\/www.facebook.com\/joinmytripDE\/","https:\/\/www.instagram.com\/joinmytrip_\/","https:\/\/www.linkedin.com\/company\/joinmytrip1"]},{"@type":"Person","@id":"https:\/\/www.joinmytrip.com\/blog\/#\/schema\/person\/823d460c9a1bb8122ac740f3ba1f8155","name":"Dyah","image":{"@type":"ImageObject","inLanguage":"en-US","@id":"https:\/\/secure.gravatar.com\/avatar\/f87388b634a234cc4f415a644cc1bd7048a09f008ec71d012bf1422082b2707b?s=96&d=mm&r=g","url":"https:\/\/secure.gravatar.com\/avatar\/f87388b634a234cc4f415a644cc1bd7048a09f008ec71d012bf1422082b2707b?s=96&d=mm&r=g","contentUrl":"https:\/\/secure.gravatar.com\/avatar\/f87388b634a234cc4f415a644cc1bd7048a09f008ec71d012bf1422082b2707b?s=96&d=mm&r=g","caption":"Dyah"},"description":"Dyah has been writing travel content for over three and a half years, exploring Southeast Asia and Japan along the way. Her experiences have shaped her ability to share practical tips and authentic local insights with travelers. At JoinMyTrip, she combines her passion for storytelling with community-building through the blog.","url":"https:\/\/www.joinmytrip.com\/blog\/author\/dyah\/"}]}},"_links":{"self":[{"href":"https:\/\/www.joinmytrip.com\/blog\/wp-json\/wp\/v2\/posts\/7397","targetHints":{"allow":["GET"]}}],"collection":[{"href":"https:\/\/www.joinmytrip.com\/blog\/wp-json\/wp\/v2\/posts"}],"about":[{"href":"https:\/\/www.joinmytrip.com\/blog\/wp-json\/wp\/v2\/types\/post"}],"author":[{"embeddable":true,"href":"https:\/\/www.joinmytrip.com\/blog\/wp-json\/wp\/v2\/users\/35"}],"replies":[{"embeddable":true,"href":"https:\/\/www.joinmytrip.com\/blog\/wp-json\/wp\/v2\/comments?post=7397"}],"version-history":[{"count":0,"href":"https:\/\/www.joinmytrip.com\/blog\/wp-json\/wp\/v2\/posts\/7397\/revisions"}],"wp:attachment":[{"href":"https:\/\/www.joinmytrip.com\/blog\/wp-json\/wp\/v2\/media?parent=7397"}],"wp:term":[{"taxonomy":"category","embeddable":true,"href":"https:\/\/www.joinmytrip.com\/blog\/wp-json\/wp\/v2\/categories?post=7397"},{"taxonomy":"post_tag","embeddable":true,"href":"https:\/\/www.joinmytrip.com\/blog\/wp-json\/wp\/v2\/tags?post=7397"}],"curies":[{"name":"wp","href":"https:\/\/api.w.org\/{rel}","templated":true}]}}