{"id":6934,"date":"2016-03-14T00:00:00","date_gmt":"2016-03-13T22:00:00","guid":{"rendered":"https:\/\/www.joinmytrip.com\/blog\/mehr-festivals-im-maerz-2016\/"},"modified":"2016-03-14T00:00:00","modified_gmt":"2016-03-13T22:00:00","slug":"mehr-festivals-im-maerz-2016","status":"publish","type":"post","link":"https:\/\/www.joinmytrip.com\/blog\/de\/mehr-festivals-im-maerz-2016\/","title":{"rendered":"Mehr Festivals im M\u00e4rz 2016"},"content":{"rendered":"<p>Auch die dritte Kalenderwoche im M\u00e4rz ist randvoll mit coolen Festivals, die in ganz Europa \u00fcber die B\u00fchnen gehen. Egal ob Folk, Jazz, Klassik, Metal oder ein Filmfestival \u2013 f\u00fcr jeden Geschmack ist mit Sicherheit der eine oder andere Event dabei. Und wenn ihr noch auf der Suche nach einer Begleitung f\u00fcr die Veranstaltungen seid, findet ihr diese bei uns auf join my trip unter <a href=\"http:\/\/www.joinmytrip.de\/reisepartner\/festival-reisepartner-858\/\" target=\"_blank\">Reisepartner Festival<\/a>.<br \/> <br \/>\n <!--more--><\/p>\n<h1>Irish Folk Festival<\/h1>\n<p>Das Irish Folk Festival, das vom 17. bis zum 20. M\u00e4rz in Magdeburg auf dem Programm steht, erwartet euch mit coolen Bands, die s\u00e4mtliche Spielarten des Irish Folk zum Besten geben.<br \/> Wenn ihr euch n\u00e4her f\u00fcr die Musik von der Gr\u00fcnen Insel interessiert, findet ihr alles Weitere auf <a href=\"http:\/\/www.festungmark.de\/\" target=\"_blank\" rel=\"noopener noreferrer\">www.festungmark.de<\/a><\/p>\n<h1>Printemps des Arts de Monte-Carlo<\/h1>\n<p>K\u00fcnstler aus der ganzen Welt geben sich beim Printemps des Arts de Monte-Carlo vom 19. M\u00e4rz bis zum 20. April ein munteres Stelldichein. Dargeboten werden hier klassische und zeitgen\u00f6ssische Musik, Kunst, Tanz, Theater und k\u00fcnstlerischen Innovationen.<br \/> Weitere Infos zu diesem Kunstfestival findet ihr auf <a href=\"http:\/\/www.printempsdesarts.com\/\" target=\"_blank\" rel=\"noopener noreferrer\">www.printempsdesarts.com<\/a><\/p>\n<h1>13. Elements Of Rock<\/h1>\n<p>Schon zum 13. Mal steht der kleine Schweizer Ort Uster ganz im Zeichen des Metals. Das Festival f\u00fcr Fans der h\u00e4rteren Musik findet am 18. und 19. M\u00e4rz statt und man wird es hier mit Sicherheit ordentlich krachen lassen.<br \/> Mehr dazu gibt\u2019s auf <a href=\"http:\/\/www.elementsofrock.com\/\" target=\"_blank\" rel=\"noopener noreferrer\">www.elementsofrock.com<\/a><\/p>\n<h1>Akkordeon Festival<\/h1>\n<p>Anh\u00e4nger der Akkordeon-Musik werden sich Wien und die Tage bis zum 20. M\u00e4rz rot angestrichen haben. Denn in der Donaumetropole geht noch bis Ende M\u00e4rz das Akkordeon Festival \u00fcber die B\u00fchne.<br \/> Das genaue Programm und wie ihr an Tickets kommt, wei\u00df akkordeonfestival.at<\/p>\n<h1>25. Neubrandenburger Jazzfr\u00fchling<\/h1>\n<p>Jazz, Gypsy Swing, Worldmusic und Balkan-Musik erwarten euch beim 25. Neubrandenburger Jazzfr\u00fchling, der vom 16. bis zum 20. M\u00e4rz die Fans begeistern wird. An verschiedenen Location der Stadt bieten zahlreiche Acts coole Musik.<br \/> Alles Weitere verr\u00e4t euch <a href=\"http:\/\/www.jazzfruehling-nb.de\/\" target=\"_blank\" rel=\"noopener noreferrer\">www.jazzfruehling-nb.de<\/a><\/p>\n<h1>38e Cin\u00e9ma du R\u00e9el<\/h1>\n<p>Spannende Dokumentarfilme von Filmschaffenden aus aller Welt bietet euch das 38e Cin\u00e9ma du R\u00e9el. Neun Tage lang, vom 18. bis zum 27. M\u00e4rz werden in der franz\u00f6sischen Hauptstadt jede Menge Dokumentarfilme gezeigt, wobei sicherlich f\u00fcr jeden etwas dabei sein wird.<br \/> Was es hier genau zu sehen gibt, erfahrt ihr auf <a href=\"http:\/\/www.cinemadureel.org\/en\" target=\"_blank\" rel=\"noopener noreferrer\">www.cinemadureel.org<\/a><\/p>\n","protected":false},"excerpt":{"rendered":"<p>Auch die dritte Kalenderwoche im M\u00e4rz ist randvoll mit coolen Festivals, die in ganz Europa \u00fcber die B\u00fchnen gehen. Egal ob Folk, Jazz, Klassik, Metal oder ein Filmfestival \u2013 f\u00fcr jeden Geschmack ist mit Sicherheit der eine oder andere Event dabei. Und wenn ihr noch auf der Suche nach einer Begleitung f\u00fcr die Veranstaltungen seid, [\u2026]<\/p>\n","protected":false},"author":1,"featured_media":0,"comment_status":"open","ping_status":"open","sticky":false,"template":"","format":"standard","meta":{"footnotes":""},"categories":[1,15],"tags":[],"class_list":["post-6934","post","type-post","status-publish","format-standard","hentry","category-uncategorized","category-uncategorized-de"],"yoast_head":"<!-- This site is optimized with the Yoast SEO plugin v27.4 - https:\/\/yoast.com\/product\/yoast-seo-wordpress\/ -->\n<title>% Mehr Festivals im M\u00e4rz 2016<\/title>\n<meta name=\"robots\" content=\"index, follow, max-snippet:-1, max-image-preview:large, max-video-preview:-1\" \/>\n<link rel=\"canonical\" href=\"https:\/\/www.joinmytrip.com\/blog\/de\/mehr-festivals-im-maerz-2016\/\" \/>\n<meta property=\"og:locale\" content=\"en_US\" \/>\n<meta property=\"og:type\" content=\"article\" \/>\n<meta property=\"og:title\" content=\"% Mehr Festivals im M\u00e4rz 2016\" \/>\n<meta property=\"og:description\" content=\"Auch die dritte Kalenderwoche im M\u00e4rz ist randvoll mit coolen Festivals, die in ganz Europa \u00fcber die B\u00fchnen gehen. Egal ob Folk, Jazz, Klassik, Metal oder ein Filmfestival \u2013 f\u00fcr jeden Geschmack ist mit Sicherheit der eine oder andere Event dabei. Und wenn ihr noch auf der Suche nach einer Begleitung f\u00fcr die Veranstaltungen seid, [\u2026]\" \/>\n<meta property=\"og:url\" content=\"https:\/\/www.joinmytrip.com\/blog\/de\/mehr-festivals-im-maerz-2016\/\" \/>\n<meta property=\"og:site_name\" content=\"Your Guide to the World of Non-Standard Group Travel\" \/>\n<meta property=\"article:publisher\" content=\"https:\/\/www.facebook.com\/joinmytripDE\/\" \/>\n<meta property=\"article:published_time\" content=\"2016-03-13T22:00:00+00:00\" \/>\n<meta name=\"author\" content=\"Sebastian\" \/>\n<meta name=\"twitter:card\" content=\"summary_large_image\" \/>\n<meta name=\"twitter:label1\" content=\"Written by\" \/>\n\t<meta name=\"twitter:data1\" content=\"Sebastian\" \/>\n\t<meta name=\"twitter:label2\" content=\"Est. reading time\" \/>\n\t<meta name=\"twitter:data2\" content=\"2 minutes\" \/>\n<script type=\"application\/ld+json\" class=\"yoast-schema-graph\">{\"@context\":\"https:\\\/\\\/schema.org\",\"@graph\":[{\"@type\":\"Article\",\"@id\":\"https:\\\/\\\/www.joinmytrip.com\\\/blog\\\/de\\\/mehr-festivals-im-maerz-2016\\\/#article\",\"isPartOf\":{\"@id\":\"https:\\\/\\\/www.joinmytrip.com\\\/blog\\\/de\\\/mehr-festivals-im-maerz-2016\\\/\"},\"author\":{\"name\":\"Sebastian\",\"@id\":\"https:\\\/\\\/www.joinmytrip.com\\\/blog\\\/#\\\/schema\\\/person\\\/f057051897aab997d2ac329745b9e2f6\"},\"headline\":\"Mehr Festivals im M\u00e4rz 2016\",\"datePublished\":\"2016-03-13T22:00:00+00:00\",\"mainEntityOfPage\":{\"@id\":\"https:\\\/\\\/www.joinmytrip.com\\\/blog\\\/de\\\/mehr-festivals-im-maerz-2016\\\/\"},\"wordCount\":389,\"commentCount\":0,\"publisher\":{\"@id\":\"https:\\\/\\\/www.joinmytrip.com\\\/blog\\\/#organization\"},\"inLanguage\":\"en-US\",\"potentialAction\":[{\"@type\":\"CommentAction\",\"name\":\"Comment\",\"target\":[\"https:\\\/\\\/www.joinmytrip.com\\\/blog\\\/de\\\/mehr-festivals-im-maerz-2016\\\/#respond\"]}]},{\"@type\":\"WebPage\",\"@id\":\"https:\\\/\\\/www.joinmytrip.com\\\/blog\\\/de\\\/mehr-festivals-im-maerz-2016\\\/\",\"url\":\"https:\\\/\\\/www.joinmytrip.com\\\/blog\\\/de\\\/mehr-festivals-im-maerz-2016\\\/\",\"name\":\"% Mehr Festivals im M\u00e4rz 2016\",\"isPartOf\":{\"@id\":\"https:\\\/\\\/www.joinmytrip.com\\\/blog\\\/#website\"},\"datePublished\":\"2016-03-13T22:00:00+00:00\",\"breadcrumb\":{\"@id\":\"https:\\\/\\\/www.joinmytrip.com\\\/blog\\\/de\\\/mehr-festivals-im-maerz-2016\\\/#breadcrumb\"},\"inLanguage\":\"en-US\",\"potentialAction\":[{\"@type\":\"ReadAction\",\"target\":[\"https:\\\/\\\/www.joinmytrip.com\\\/blog\\\/de\\\/mehr-festivals-im-maerz-2016\\\/\"]}]},{\"@type\":\"BreadcrumbList\",\"@id\":\"https:\\\/\\\/www.joinmytrip.com\\\/blog\\\/de\\\/mehr-festivals-im-maerz-2016\\\/#breadcrumb\",\"itemListElement\":[{\"@type\":\"ListItem\",\"position\":1,\"name\":\"Home\",\"item\":\"https:\\\/\\\/www.joinmytrip.com\\\/blog\\\/\"},{\"@type\":\"ListItem\",\"position\":2,\"name\":\"Mehr Festivals im M\u00e4rz 2016\"}]},{\"@type\":\"WebSite\",\"@id\":\"https:\\\/\\\/www.joinmytrip.com\\\/blog\\\/#website\",\"url\":\"https:\\\/\\\/www.joinmytrip.com\\\/blog\\\/\",\"name\":\"Your Guide to the World of Non-Standard Group Travel\",\"description\":\"\",\"publisher\":{\"@id\":\"https:\\\/\\\/www.joinmytrip.com\\\/blog\\\/#organization\"},\"potentialAction\":[{\"@type\":\"SearchAction\",\"target\":{\"@type\":\"EntryPoint\",\"urlTemplate\":\"https:\\\/\\\/www.joinmytrip.com\\\/blog\\\/?s={search_term_string}\"},\"query-input\":{\"@type\":\"PropertyValueSpecification\",\"valueRequired\":true,\"valueName\":\"search_term_string\"}}],\"inLanguage\":\"en-US\"},{\"@type\":\"Organization\",\"@id\":\"https:\\\/\\\/www.joinmytrip.com\\\/blog\\\/#organization\",\"name\":\"JoinMyTrip\",\"url\":\"https:\\\/\\\/www.joinmytrip.com\\\/blog\\\/\",\"logo\":{\"@type\":\"ImageObject\",\"inLanguage\":\"en-US\",\"@id\":\"https:\\\/\\\/www.joinmytrip.com\\\/blog\\\/#\\\/schema\\\/logo\\\/image\\\/\",\"url\":\"https:\\\/\\\/www.joinmytrip.com\\\/blog\\\/wp-content\\\/uploads\\\/2022\\\/07\\\/JoinMyTrip_Logo_transparent.png\",\"contentUrl\":\"https:\\\/\\\/www.joinmytrip.com\\\/blog\\\/wp-content\\\/uploads\\\/2022\\\/07\\\/JoinMyTrip_Logo_transparent.png\",\"width\":466,\"height\":566,\"caption\":\"JoinMyTrip\"},\"image\":{\"@id\":\"https:\\\/\\\/www.joinmytrip.com\\\/blog\\\/#\\\/schema\\\/logo\\\/image\\\/\"},\"sameAs\":[\"https:\\\/\\\/www.facebook.com\\\/joinmytripDE\\\/\",\"https:\\\/\\\/www.instagram.com\\\/joinmytrip_\\\/\",\"https:\\\/\\\/www.linkedin.com\\\/company\\\/joinmytrip1\"]},{\"@type\":\"Person\",\"@id\":\"https:\\\/\\\/www.joinmytrip.com\\\/blog\\\/#\\\/schema\\\/person\\\/f057051897aab997d2ac329745b9e2f6\",\"name\":\"Sebastian\",\"image\":{\"@type\":\"ImageObject\",\"inLanguage\":\"en-US\",\"@id\":\"https:\\\/\\\/secure.gravatar.com\\\/avatar\\\/9c2d17f4878d2ace5e31912d52c804d2be99561532a922564a3b2323a111b414?s=96&d=mm&r=g\",\"url\":\"https:\\\/\\\/secure.gravatar.com\\\/avatar\\\/9c2d17f4878d2ace5e31912d52c804d2be99561532a922564a3b2323a111b414?s=96&d=mm&r=g\",\"contentUrl\":\"https:\\\/\\\/secure.gravatar.com\\\/avatar\\\/9c2d17f4878d2ace5e31912d52c804d2be99561532a922564a3b2323a111b414?s=96&d=mm&r=g\",\"caption\":\"Sebastian\"},\"sameAs\":[\"https:\\\/\\\/www.joinmytrip.com\\\/blog\"],\"url\":\"https:\\\/\\\/www.joinmytrip.com\\\/blog\\\/author\\\/sebastian\\\/\"}]}<\/script>\n<!-- \/ Yoast SEO plugin. -->","yoast_head_json":{"title":"% Mehr Festivals im M\u00e4rz 2016","robots":{"index":"index","follow":"follow","max-snippet":"max-snippet:-1","max-image-preview":"max-image-preview:large","max-video-preview":"max-video-preview:-1"},"canonical":"https:\/\/www.joinmytrip.com\/blog\/de\/mehr-festivals-im-maerz-2016\/","og_locale":"en_US","og_type":"article","og_title":"% Mehr Festivals im M\u00e4rz 2016","og_description":"Auch die dritte Kalenderwoche im M\u00e4rz ist randvoll mit coolen Festivals, die in ganz Europa \u00fcber die B\u00fchnen gehen. Egal ob Folk, Jazz, Klassik, Metal oder ein Filmfestival \u2013 f\u00fcr jeden Geschmack ist mit Sicherheit der eine oder andere Event dabei. Und wenn ihr noch auf der Suche nach einer Begleitung f\u00fcr die Veranstaltungen seid, [\u2026]","og_url":"https:\/\/www.joinmytrip.com\/blog\/de\/mehr-festivals-im-maerz-2016\/","og_site_name":"Your Guide to the World of Non-Standard Group Travel","article_publisher":"https:\/\/www.facebook.com\/joinmytripDE\/","article_published_time":"2016-03-13T22:00:00+00:00","author":"Sebastian","twitter_card":"summary_large_image","twitter_misc":{"Written by":"Sebastian","Est. reading time":"2 minutes"},"schema":{"@context":"https:\/\/schema.org","@graph":[{"@type":"Article","@id":"https:\/\/www.joinmytrip.com\/blog\/de\/mehr-festivals-im-maerz-2016\/#article","isPartOf":{"@id":"https:\/\/www.joinmytrip.com\/blog\/de\/mehr-festivals-im-maerz-2016\/"},"author":{"name":"Sebastian","@id":"https:\/\/www.joinmytrip.com\/blog\/#\/schema\/person\/f057051897aab997d2ac329745b9e2f6"},"headline":"Mehr Festivals im M\u00e4rz 2016","datePublished":"2016-03-13T22:00:00+00:00","mainEntityOfPage":{"@id":"https:\/\/www.joinmytrip.com\/blog\/de\/mehr-festivals-im-maerz-2016\/"},"wordCount":389,"commentCount":0,"publisher":{"@id":"https:\/\/www.joinmytrip.com\/blog\/#organization"},"inLanguage":"en-US","potentialAction":[{"@type":"CommentAction","name":"Comment","target":["https:\/\/www.joinmytrip.com\/blog\/de\/mehr-festivals-im-maerz-2016\/#respond"]}]},{"@type":"WebPage","@id":"https:\/\/www.joinmytrip.com\/blog\/de\/mehr-festivals-im-maerz-2016\/","url":"https:\/\/www.joinmytrip.com\/blog\/de\/mehr-festivals-im-maerz-2016\/","name":"% Mehr Festivals im M\u00e4rz 2016","isPartOf":{"@id":"https:\/\/www.joinmytrip.com\/blog\/#website"},"datePublished":"2016-03-13T22:00:00+00:00","breadcrumb":{"@id":"https:\/\/www.joinmytrip.com\/blog\/de\/mehr-festivals-im-maerz-2016\/#breadcrumb"},"inLanguage":"en-US","potentialAction":[{"@type":"ReadAction","target":["https:\/\/www.joinmytrip.com\/blog\/de\/mehr-festivals-im-maerz-2016\/"]}]},{"@type":"BreadcrumbList","@id":"https:\/\/www.joinmytrip.com\/blog\/de\/mehr-festivals-im-maerz-2016\/#breadcrumb","itemListElement":[{"@type":"ListItem","position":1,"name":"Home","item":"https:\/\/www.joinmytrip.com\/blog\/"},{"@type":"ListItem","position":2,"name":"Mehr Festivals im M\u00e4rz 2016"}]},{"@type":"WebSite","@id":"https:\/\/www.joinmytrip.com\/blog\/#website","url":"https:\/\/www.joinmytrip.com\/blog\/","name":"Your Guide to the World of Non-Standard Group Travel","description":"","publisher":{"@id":"https:\/\/www.joinmytrip.com\/blog\/#organization"},"potentialAction":[{"@type":"SearchAction","target":{"@type":"EntryPoint","urlTemplate":"https:\/\/www.joinmytrip.com\/blog\/?s={search_term_string}"},"query-input":{"@type":"PropertyValueSpecification","valueRequired":true,"valueName":"search_term_string"}}],"inLanguage":"en-US"},{"@type":"Organization","@id":"https:\/\/www.joinmytrip.com\/blog\/#organization","name":"JoinMyTrip","url":"https:\/\/www.joinmytrip.com\/blog\/","logo":{"@type":"ImageObject","inLanguage":"en-US","@id":"https:\/\/www.joinmytrip.com\/blog\/#\/schema\/logo\/image\/","url":"https:\/\/www.joinmytrip.com\/blog\/wp-content\/uploads\/2022\/07\/JoinMyTrip_Logo_transparent.png","contentUrl":"https:\/\/www.joinmytrip.com\/blog\/wp-content\/uploads\/2022\/07\/JoinMyTrip_Logo_transparent.png","width":466,"height":566,"caption":"JoinMyTrip"},"image":{"@id":"https:\/\/www.joinmytrip.com\/blog\/#\/schema\/logo\/image\/"},"sameAs":["https:\/\/www.facebook.com\/joinmytripDE\/","https:\/\/www.instagram.com\/joinmytrip_\/","https:\/\/www.linkedin.com\/company\/joinmytrip1"]},{"@type":"Person","@id":"https:\/\/www.joinmytrip.com\/blog\/#\/schema\/person\/f057051897aab997d2ac329745b9e2f6","name":"Sebastian","image":{"@type":"ImageObject","inLanguage":"en-US","@id":"https:\/\/secure.gravatar.com\/avatar\/9c2d17f4878d2ace5e31912d52c804d2be99561532a922564a3b2323a111b414?s=96&d=mm&r=g","url":"https:\/\/secure.gravatar.com\/avatar\/9c2d17f4878d2ace5e31912d52c804d2be99561532a922564a3b2323a111b414?s=96&d=mm&r=g","contentUrl":"https:\/\/secure.gravatar.com\/avatar\/9c2d17f4878d2ace5e31912d52c804d2be99561532a922564a3b2323a111b414?s=96&d=mm&r=g","caption":"Sebastian"},"sameAs":["https:\/\/www.joinmytrip.com\/blog"],"url":"https:\/\/www.joinmytrip.com\/blog\/author\/sebastian\/"}]}},"_links":{"self":[{"href":"https:\/\/www.joinmytrip.com\/blog\/wp-json\/wp\/v2\/posts\/6934","targetHints":{"allow":["GET"]}}],"collection":[{"href":"https:\/\/www.joinmytrip.com\/blog\/wp-json\/wp\/v2\/posts"}],"about":[{"href":"https:\/\/www.joinmytrip.com\/blog\/wp-json\/wp\/v2\/types\/post"}],"author":[{"embeddable":true,"href":"https:\/\/www.joinmytrip.com\/blog\/wp-json\/wp\/v2\/users\/1"}],"replies":[{"embeddable":true,"href":"https:\/\/www.joinmytrip.com\/blog\/wp-json\/wp\/v2\/comments?post=6934"}],"version-history":[{"count":0,"href":"https:\/\/www.joinmytrip.com\/blog\/wp-json\/wp\/v2\/posts\/6934\/revisions"}],"wp:attachment":[{"href":"https:\/\/www.joinmytrip.com\/blog\/wp-json\/wp\/v2\/media?parent=6934"}],"wp:term":[{"taxonomy":"category","embeddable":true,"href":"https:\/\/www.joinmytrip.com\/blog\/wp-json\/wp\/v2\/categories?post=6934"},{"taxonomy":"post_tag","embeddable":true,"href":"https:\/\/www.joinmytrip.com\/blog\/wp-json\/wp\/v2\/tags?post=6934"}],"curies":[{"name":"wp","href":"https:\/\/api.w.org\/{rel}","templated":true}]}}