{"id":5584,"date":"2021-06-29T00:00:00","date_gmt":"2021-06-28T22:00:00","guid":{"rendered":"https:\/\/www.joinmytrip.com\/blog\/madeira-hike-beach-und-chill-trip-der-woche\/"},"modified":"2021-06-29T00:00:00","modified_gmt":"2021-06-28T22:00:00","slug":"madeira-hike-beach-und-chill-trip-der-woche","status":"publish","type":"post","link":"https:\/\/www.joinmytrip.com\/blog\/de\/madeira-hike-beach-und-chill-trip-der-woche\/","title":{"rendered":"Madeira Hike, Beach und Chill | Trip der Woche"},"content":{"rendered":"<h2>Genie\u00dft das Jetzt in Madeira\u00a0<\/h2>\n<p><span>Willkommen zur\u00fcck zu einer weiteren Folge\u00a0<\/span>\u201eTrip der Woche\u201c<span>. Hier erz\u00e4hlt unsere Kollegin Emilie welche Trips ihr diese Woche auf der\u00a0<\/span><a href=\"https:\/\/www.joinmytrip.com\/de\/\" target=\"_blank\">JoinMyTrip<\/a><span> Plattform buchen k\u00f6nnt. In der 11. Episode hat Emilie erneut ihren Trip der Woche ausgew\u00e4hlt: \u201e<a href=\"https:\/\/www.joinmytrip.com\/en\/trips\/erlebnisreise-madeira-abschalten-in-einer-retreat-villa-und-die-geheim-0nAr?fbclid=IwAR1UoBOuTVHwi7sDqtYAu9AiRVjgDrupUDQ0H6f_SsUX8DEmPsRgwS5Gztc\" rel=\"noopener\" target=\"_blank\">Madeira: Hike + Beach+ Chill + Highlights der Insel<\/a>\u201c mit den <a href=\"https:\/\/www.joinmytrip.com\/en\/profile\/9nqPPvtqbHZmhZvRowfGTY0C4Pk1?autoTranslate=false\" rel=\"noopener\" target=\"_blank\">TripLeadern Kirsten und Figo<\/a>. Schaltet ein wenn Emilie euch erz\u00e4hlt was auf diesem Trip passieren wird und worauf ihr euch freuen k\u00f6nnt.\u00a0<\/span><\/p>\n<p><!--more--><\/p>\n<hr>\n<p><span>Ihr solltet auch unbedingt n\u00e4chste Woche wieder einschalten, wenn Emilie erneut ihren Favoriten f\u00fcr den Trip der Woche w\u00e4hlt. \ud83d\ude09<\/span><\/p>\n<h3><span>Schaltet jetzt ein:\u00a0<\/span><\/h3>\n<p>\u00a0<\/p>\n<div class=\"hs-embed-wrapper\" data-service=\"youtube\" data-responsive=\"true\" style=\"position: relative; overflow: hidden; width: 100%; height: auto; padding: 0px; max-width: 800px; max-height: 452.571px; min-width: 256px; display: block; margin: auto;\">\n<div class=\"hs-embed-content-wrapper\">\n<div style=\"position: relative; overflow: hidden; max-width: 100%; padding-bottom: 56.5%; margin: 0px;\"><iframe width=\"200\" height=\"113\" src=\"https:\/\/www.youtube.com\/embed\/lt3M6nDYFzE?feature=oembed\" frameborder=\"0\" allow=\"accelerometer; autoplay; clipboard-write; encrypted-media; gyroscope; picture-in-picture\" allowfullscreen=\"\" style=\"position: absolute; top: 0px; left: 0px; width: 100%; height: 100%; border: none;\"><\/iframe><\/div>\n<\/div>\n<\/div>\n<p>\u00a0<\/p>\n<table style=\"border-collapse: collapse; table-layout: fixed; margin-left: auto; margin-right: auto; width: 100%; border: 1px none #99acc2; height: 30px;\">\n<tbody>\n<tr style=\"height: 30px;\">\n<td style=\"width: 50%; padding: 4px; height: 30px; background-color: #ffffff;\"><a href=\"https:\/\/www.joinmytrip.com\/de\/trips\/erlebnisreise-madeira-abschalten-in-einer-retreat-villa-und-die-geheim-0nAr\" rel=\"noopener\" target=\"_blank\"><img decoding=\"async\" src=\"https:\/\/f.hubspotusercontent40.net\/hubfs\/8511594\/Screenshot%202021-06-28%20at%2016.02.27.png\" alt=\"Madeira hike, beach und chill.\" width=\"371\" loading=\"lazy\" style=\"width: 371px;\"><\/a><\/p>\n<p>\u00a0<\/p>\n<\/td>\n<td style=\"width: 50%; padding: 4px; height: 30px; background-color: #ffffff;\">\n<h4>\u00a0<\/h4>\n<h4>\u00a0<\/h4>\n<h4>\u00a0<\/h4>\n<h4>\u00a0<\/h4>\n<h4 style=\"text-align: center;\">Begleitet TripLeader<a href=\"https:\/\/www.joinmytrip.com\/de\/profile\/9nqPPvtqbHZmhZvRowfGTY0C4Pk1?autoTranslate=true\" rel=\"noopener\" target=\"_blank\">Kiki und Fabian<\/a> auf ihrem Trip in\u00a0 <a href=\"https:\/\/www.joinmytrip.com\/de\/trips\/erlebnisreise-madeira-abschalten-in-einer-retreat-villa-und-die-geheim-0nAr\" rel=\"noopener\" target=\"_blank\">MADEIRA: Hike + Beach + Chill + Highlights der Insel<\/a>!<\/h4>\n<p>\u00a0<\/p>\n<p>{{cta(&#8216;e8bf677e-e82c-4d2e-af66-1915e7ccb701&#8242;,&#8217;justifycenter&#8217;)}}<\/p>\n<\/td>\n<\/tr>\n<\/tbody>\n<\/table>\n<p><span>Hat euch dieser\u00a0<a href=\"https:\/\/www.joinmytrip.com\/en\/trips\/erlebnisreise-madeira-abschalten-in-einer-retreat-villa-und-die-geheim-0nAr?fbclid=IwAR1UoBOuTVHwi7sDqtYAu9AiRVjgDrupUDQ0H6f_SsUX8DEmPsRgwS5Gztc\" rel=\"noopener\" target=\"_blank\">Madeira Trip<\/a> inspiriert euren eigenen Trip zu planen? Dann schaut auf jeden Fall bei <a href=\"https:\/\/www.joinmytrip.com\/de\/\" target=\"_blank\">JoinMyTrip\u00a0<\/a>vorbei und startet in ein neues Abenteuer. Beginnt jetzt mit der Planung eures\u00a0<a href=\"https:\/\/www.joinmytrip.com\/de\/edit-trip\/split\" target=\"_blank\">eigenen Trips<\/a>\u00a0oder findet bei JoinMyTrip\u00a0<a href=\"https:\/\/www.joinmytrip.com\/de\/search\/trip?p=%7B%7D\" target=\"_blank\">gleichgesinnte Reisende<\/a>\u00a0und\u00a0<a href=\"https:\/\/www.joinmytrip.com\/de\/reisepartner\" target=\"_blank\">bereits geplante Trips<\/a>.<\/span><\/p>\n<p>\u00a0<\/p>\n<p style=\"text-align: center;\"><span>{{cta(&#8217;64e6961c-ff70-4a04-8e0b-1e70aa37c622&#8242;)}} {{cta(&#8216;8a7f2c6a-8e3b-44e7-951a-b7c929fb4805&#8217;)}}<\/span><\/p>\n<p>\u00a0<\/p>\n","protected":false},"excerpt":{"rendered":"<p>In der 11. Episode ist der Trip der Woche &#8216;Madeira Hike, Beach und Chill&#8217; mit TripLeadern Kiki und Figo. Schaltet ein um zu erfahren was ihr auf diesem Trip erleben k\u00f6nnt.<\/p>\n","protected":false},"author":35,"featured_media":5585,"comment_status":"open","ping_status":"open","sticky":false,"template":"","format":"standard","meta":{"footnotes":""},"categories":[1,15],"tags":[],"class_list":["post-5584","post","type-post","status-publish","format-standard","has-post-thumbnail","hentry","category-uncategorized","category-uncategorized-de"],"yoast_head":"<!-- This site is optimized with the Yoast SEO plugin v27.5 - https:\/\/yoast.com\/product\/yoast-seo-wordpress\/ -->\n<title>% Madeira Hike, Beach und Chill | Trip der Woche<\/title>\n<meta name=\"robots\" content=\"index, follow, max-snippet:-1, max-image-preview:large, max-video-preview:-1\" \/>\n<link rel=\"canonical\" href=\"https:\/\/www.joinmytrip.com\/blog\/de\/madeira-hike-beach-und-chill-trip-der-woche\/\" \/>\n<meta property=\"og:locale\" content=\"en_US\" \/>\n<meta property=\"og:type\" content=\"article\" \/>\n<meta property=\"og:title\" content=\"% Madeira Hike, Beach und Chill | Trip der Woche\" \/>\n<meta property=\"og:description\" content=\"In der 11. Episode ist der Trip der Woche &#039;Madeira Hike, Beach und Chill&#039; mit TripLeadern Kiki und Figo. Schaltet ein um zu erfahren was ihr auf diesem Trip erleben k\u00f6nnt.\" \/>\n<meta property=\"og:url\" content=\"https:\/\/www.joinmytrip.com\/blog\/de\/madeira-hike-beach-und-chill-trip-der-woche\/\" \/>\n<meta property=\"og:site_name\" content=\"Your Guide to the World of Non-Standard Group Travel\" \/>\n<meta property=\"article:publisher\" content=\"https:\/\/www.facebook.com\/joinmytripDE\/\" \/>\n<meta property=\"article:published_time\" content=\"2021-06-28T22:00:00+00:00\" \/>\n<meta property=\"og:image\" content=\"https:\/\/www.joinmytrip.com\/blog\/wp-content\/uploads\/2022\/07\/New-Video-Thumbnails-9-1.jpg\" \/>\n\t<meta property=\"og:image:width\" content=\"1920\" \/>\n\t<meta property=\"og:image:height\" content=\"1080\" \/>\n\t<meta property=\"og:image:type\" content=\"image\/jpeg\" \/>\n<meta name=\"author\" content=\"Dyah\" \/>\n<meta name=\"twitter:card\" content=\"summary_large_image\" \/>\n<meta name=\"twitter:label1\" content=\"Written by\" \/>\n\t<meta name=\"twitter:data1\" content=\"Dyah\" \/>\n\t<meta name=\"twitter:label2\" content=\"Est. reading time\" \/>\n\t<meta name=\"twitter:data2\" content=\"1 minute\" \/>\n<script type=\"application\/ld+json\" class=\"yoast-schema-graph\">{\"@context\":\"https:\\\/\\\/schema.org\",\"@graph\":[{\"@type\":\"Article\",\"@id\":\"https:\\\/\\\/www.joinmytrip.com\\\/blog\\\/de\\\/madeira-hike-beach-und-chill-trip-der-woche\\\/#article\",\"isPartOf\":{\"@id\":\"https:\\\/\\\/www.joinmytrip.com\\\/blog\\\/de\\\/madeira-hike-beach-und-chill-trip-der-woche\\\/\"},\"author\":{\"name\":\"Dyah\",\"@id\":\"https:\\\/\\\/www.joinmytrip.com\\\/blog\\\/#\\\/schema\\\/person\\\/823d460c9a1bb8122ac740f3ba1f8155\"},\"headline\":\"Madeira Hike, Beach und Chill | Trip der Woche\",\"datePublished\":\"2021-06-28T22:00:00+00:00\",\"mainEntityOfPage\":{\"@id\":\"https:\\\/\\\/www.joinmytrip.com\\\/blog\\\/de\\\/madeira-hike-beach-und-chill-trip-der-woche\\\/\"},\"wordCount\":209,\"commentCount\":0,\"publisher\":{\"@id\":\"https:\\\/\\\/www.joinmytrip.com\\\/blog\\\/#organization\"},\"image\":{\"@id\":\"https:\\\/\\\/www.joinmytrip.com\\\/blog\\\/de\\\/madeira-hike-beach-und-chill-trip-der-woche\\\/#primaryimage\"},\"thumbnailUrl\":\"https:\\\/\\\/www.joinmytrip.com\\\/blog\\\/wp-content\\\/uploads\\\/2022\\\/07\\\/New-Video-Thumbnails-9-1.jpg\",\"inLanguage\":\"en-US\",\"potentialAction\":[{\"@type\":\"CommentAction\",\"name\":\"Comment\",\"target\":[\"https:\\\/\\\/www.joinmytrip.com\\\/blog\\\/de\\\/madeira-hike-beach-und-chill-trip-der-woche\\\/#respond\"]}]},{\"@type\":\"WebPage\",\"@id\":\"https:\\\/\\\/www.joinmytrip.com\\\/blog\\\/de\\\/madeira-hike-beach-und-chill-trip-der-woche\\\/\",\"url\":\"https:\\\/\\\/www.joinmytrip.com\\\/blog\\\/de\\\/madeira-hike-beach-und-chill-trip-der-woche\\\/\",\"name\":\"% Madeira Hike, Beach und Chill | Trip der Woche\",\"isPartOf\":{\"@id\":\"https:\\\/\\\/www.joinmytrip.com\\\/blog\\\/#website\"},\"primaryImageOfPage\":{\"@id\":\"https:\\\/\\\/www.joinmytrip.com\\\/blog\\\/de\\\/madeira-hike-beach-und-chill-trip-der-woche\\\/#primaryimage\"},\"image\":{\"@id\":\"https:\\\/\\\/www.joinmytrip.com\\\/blog\\\/de\\\/madeira-hike-beach-und-chill-trip-der-woche\\\/#primaryimage\"},\"thumbnailUrl\":\"https:\\\/\\\/www.joinmytrip.com\\\/blog\\\/wp-content\\\/uploads\\\/2022\\\/07\\\/New-Video-Thumbnails-9-1.jpg\",\"datePublished\":\"2021-06-28T22:00:00+00:00\",\"breadcrumb\":{\"@id\":\"https:\\\/\\\/www.joinmytrip.com\\\/blog\\\/de\\\/madeira-hike-beach-und-chill-trip-der-woche\\\/#breadcrumb\"},\"inLanguage\":\"en-US\",\"potentialAction\":[{\"@type\":\"ReadAction\",\"target\":[\"https:\\\/\\\/www.joinmytrip.com\\\/blog\\\/de\\\/madeira-hike-beach-und-chill-trip-der-woche\\\/\"]}]},{\"@type\":\"ImageObject\",\"inLanguage\":\"en-US\",\"@id\":\"https:\\\/\\\/www.joinmytrip.com\\\/blog\\\/de\\\/madeira-hike-beach-und-chill-trip-der-woche\\\/#primaryimage\",\"url\":\"https:\\\/\\\/www.joinmytrip.com\\\/blog\\\/wp-content\\\/uploads\\\/2022\\\/07\\\/New-Video-Thumbnails-9-1.jpg\",\"contentUrl\":\"https:\\\/\\\/www.joinmytrip.com\\\/blog\\\/wp-content\\\/uploads\\\/2022\\\/07\\\/New-Video-Thumbnails-9-1.jpg\",\"width\":1920,\"height\":1080},{\"@type\":\"BreadcrumbList\",\"@id\":\"https:\\\/\\\/www.joinmytrip.com\\\/blog\\\/de\\\/madeira-hike-beach-und-chill-trip-der-woche\\\/#breadcrumb\",\"itemListElement\":[{\"@type\":\"ListItem\",\"position\":1,\"name\":\"Home\",\"item\":\"https:\\\/\\\/www.joinmytrip.com\\\/blog\\\/\"},{\"@type\":\"ListItem\",\"position\":2,\"name\":\"Madeira Hike, Beach und Chill | Trip der Woche\"}]},{\"@type\":\"WebSite\",\"@id\":\"https:\\\/\\\/www.joinmytrip.com\\\/blog\\\/#website\",\"url\":\"https:\\\/\\\/www.joinmytrip.com\\\/blog\\\/\",\"name\":\"Your Guide to the World of Non-Standard Group Travel\",\"description\":\"\",\"publisher\":{\"@id\":\"https:\\\/\\\/www.joinmytrip.com\\\/blog\\\/#organization\"},\"potentialAction\":[{\"@type\":\"SearchAction\",\"target\":{\"@type\":\"EntryPoint\",\"urlTemplate\":\"https:\\\/\\\/www.joinmytrip.com\\\/blog\\\/?s={search_term_string}\"},\"query-input\":{\"@type\":\"PropertyValueSpecification\",\"valueRequired\":true,\"valueName\":\"search_term_string\"}}],\"inLanguage\":\"en-US\"},{\"@type\":\"Organization\",\"@id\":\"https:\\\/\\\/www.joinmytrip.com\\\/blog\\\/#organization\",\"name\":\"JoinMyTrip\",\"url\":\"https:\\\/\\\/www.joinmytrip.com\\\/blog\\\/\",\"logo\":{\"@type\":\"ImageObject\",\"inLanguage\":\"en-US\",\"@id\":\"https:\\\/\\\/www.joinmytrip.com\\\/blog\\\/#\\\/schema\\\/logo\\\/image\\\/\",\"url\":\"https:\\\/\\\/www.joinmytrip.com\\\/blog\\\/wp-content\\\/uploads\\\/2022\\\/07\\\/JoinMyTrip_Logo_transparent.png\",\"contentUrl\":\"https:\\\/\\\/www.joinmytrip.com\\\/blog\\\/wp-content\\\/uploads\\\/2022\\\/07\\\/JoinMyTrip_Logo_transparent.png\",\"width\":466,\"height\":566,\"caption\":\"JoinMyTrip\"},\"image\":{\"@id\":\"https:\\\/\\\/www.joinmytrip.com\\\/blog\\\/#\\\/schema\\\/logo\\\/image\\\/\"},\"sameAs\":[\"https:\\\/\\\/www.facebook.com\\\/joinmytripDE\\\/\",\"https:\\\/\\\/www.instagram.com\\\/joinmytrip_\\\/\",\"https:\\\/\\\/www.linkedin.com\\\/company\\\/joinmytrip1\"]},{\"@type\":\"Person\",\"@id\":\"https:\\\/\\\/www.joinmytrip.com\\\/blog\\\/#\\\/schema\\\/person\\\/823d460c9a1bb8122ac740f3ba1f8155\",\"name\":\"Dyah\",\"image\":{\"@type\":\"ImageObject\",\"inLanguage\":\"en-US\",\"@id\":\"https:\\\/\\\/secure.gravatar.com\\\/avatar\\\/f87388b634a234cc4f415a644cc1bd7048a09f008ec71d012bf1422082b2707b?s=96&d=mm&r=g\",\"url\":\"https:\\\/\\\/secure.gravatar.com\\\/avatar\\\/f87388b634a234cc4f415a644cc1bd7048a09f008ec71d012bf1422082b2707b?s=96&d=mm&r=g\",\"contentUrl\":\"https:\\\/\\\/secure.gravatar.com\\\/avatar\\\/f87388b634a234cc4f415a644cc1bd7048a09f008ec71d012bf1422082b2707b?s=96&d=mm&r=g\",\"caption\":\"Dyah\"},\"description\":\"Dyah has been writing travel content for over three and a half years, exploring Southeast Asia and Japan along the way. Her experiences have shaped her ability to share practical tips and authentic local insights with travelers. At JoinMyTrip, she combines her passion for storytelling with community-building through the blog.\",\"url\":\"https:\\\/\\\/www.joinmytrip.com\\\/blog\\\/author\\\/dyah\\\/\"}]}<\/script>\n<!-- \/ Yoast SEO plugin. -->","yoast_head_json":{"title":"% Madeira Hike, Beach und Chill | Trip der Woche","robots":{"index":"index","follow":"follow","max-snippet":"max-snippet:-1","max-image-preview":"max-image-preview:large","max-video-preview":"max-video-preview:-1"},"canonical":"https:\/\/www.joinmytrip.com\/blog\/de\/madeira-hike-beach-und-chill-trip-der-woche\/","og_locale":"en_US","og_type":"article","og_title":"% Madeira Hike, Beach und Chill | Trip der Woche","og_description":"In der 11. Episode ist der Trip der Woche 'Madeira Hike, Beach und Chill' mit TripLeadern Kiki und Figo. Schaltet ein um zu erfahren was ihr auf diesem Trip erleben k\u00f6nnt.","og_url":"https:\/\/www.joinmytrip.com\/blog\/de\/madeira-hike-beach-und-chill-trip-der-woche\/","og_site_name":"Your Guide to the World of Non-Standard Group Travel","article_publisher":"https:\/\/www.facebook.com\/joinmytripDE\/","article_published_time":"2021-06-28T22:00:00+00:00","og_image":[{"width":1920,"height":1080,"url":"https:\/\/www.joinmytrip.com\/blog\/wp-content\/uploads\/2022\/07\/New-Video-Thumbnails-9-1.jpg","type":"image\/jpeg"}],"author":"Dyah","twitter_card":"summary_large_image","twitter_misc":{"Written by":"Dyah","Est. reading time":"1 minute"},"schema":{"@context":"https:\/\/schema.org","@graph":[{"@type":"Article","@id":"https:\/\/www.joinmytrip.com\/blog\/de\/madeira-hike-beach-und-chill-trip-der-woche\/#article","isPartOf":{"@id":"https:\/\/www.joinmytrip.com\/blog\/de\/madeira-hike-beach-und-chill-trip-der-woche\/"},"author":{"name":"Dyah","@id":"https:\/\/www.joinmytrip.com\/blog\/#\/schema\/person\/823d460c9a1bb8122ac740f3ba1f8155"},"headline":"Madeira Hike, Beach und Chill | Trip der Woche","datePublished":"2021-06-28T22:00:00+00:00","mainEntityOfPage":{"@id":"https:\/\/www.joinmytrip.com\/blog\/de\/madeira-hike-beach-und-chill-trip-der-woche\/"},"wordCount":209,"commentCount":0,"publisher":{"@id":"https:\/\/www.joinmytrip.com\/blog\/#organization"},"image":{"@id":"https:\/\/www.joinmytrip.com\/blog\/de\/madeira-hike-beach-und-chill-trip-der-woche\/#primaryimage"},"thumbnailUrl":"https:\/\/www.joinmytrip.com\/blog\/wp-content\/uploads\/2022\/07\/New-Video-Thumbnails-9-1.jpg","inLanguage":"en-US","potentialAction":[{"@type":"CommentAction","name":"Comment","target":["https:\/\/www.joinmytrip.com\/blog\/de\/madeira-hike-beach-und-chill-trip-der-woche\/#respond"]}]},{"@type":"WebPage","@id":"https:\/\/www.joinmytrip.com\/blog\/de\/madeira-hike-beach-und-chill-trip-der-woche\/","url":"https:\/\/www.joinmytrip.com\/blog\/de\/madeira-hike-beach-und-chill-trip-der-woche\/","name":"% Madeira Hike, Beach und Chill | Trip der Woche","isPartOf":{"@id":"https:\/\/www.joinmytrip.com\/blog\/#website"},"primaryImageOfPage":{"@id":"https:\/\/www.joinmytrip.com\/blog\/de\/madeira-hike-beach-und-chill-trip-der-woche\/#primaryimage"},"image":{"@id":"https:\/\/www.joinmytrip.com\/blog\/de\/madeira-hike-beach-und-chill-trip-der-woche\/#primaryimage"},"thumbnailUrl":"https:\/\/www.joinmytrip.com\/blog\/wp-content\/uploads\/2022\/07\/New-Video-Thumbnails-9-1.jpg","datePublished":"2021-06-28T22:00:00+00:00","breadcrumb":{"@id":"https:\/\/www.joinmytrip.com\/blog\/de\/madeira-hike-beach-und-chill-trip-der-woche\/#breadcrumb"},"inLanguage":"en-US","potentialAction":[{"@type":"ReadAction","target":["https:\/\/www.joinmytrip.com\/blog\/de\/madeira-hike-beach-und-chill-trip-der-woche\/"]}]},{"@type":"ImageObject","inLanguage":"en-US","@id":"https:\/\/www.joinmytrip.com\/blog\/de\/madeira-hike-beach-und-chill-trip-der-woche\/#primaryimage","url":"https:\/\/www.joinmytrip.com\/blog\/wp-content\/uploads\/2022\/07\/New-Video-Thumbnails-9-1.jpg","contentUrl":"https:\/\/www.joinmytrip.com\/blog\/wp-content\/uploads\/2022\/07\/New-Video-Thumbnails-9-1.jpg","width":1920,"height":1080},{"@type":"BreadcrumbList","@id":"https:\/\/www.joinmytrip.com\/blog\/de\/madeira-hike-beach-und-chill-trip-der-woche\/#breadcrumb","itemListElement":[{"@type":"ListItem","position":1,"name":"Home","item":"https:\/\/www.joinmytrip.com\/blog\/"},{"@type":"ListItem","position":2,"name":"Madeira Hike, Beach und Chill | Trip der Woche"}]},{"@type":"WebSite","@id":"https:\/\/www.joinmytrip.com\/blog\/#website","url":"https:\/\/www.joinmytrip.com\/blog\/","name":"Your Guide to the World of Non-Standard Group Travel","description":"","publisher":{"@id":"https:\/\/www.joinmytrip.com\/blog\/#organization"},"potentialAction":[{"@type":"SearchAction","target":{"@type":"EntryPoint","urlTemplate":"https:\/\/www.joinmytrip.com\/blog\/?s={search_term_string}"},"query-input":{"@type":"PropertyValueSpecification","valueRequired":true,"valueName":"search_term_string"}}],"inLanguage":"en-US"},{"@type":"Organization","@id":"https:\/\/www.joinmytrip.com\/blog\/#organization","name":"JoinMyTrip","url":"https:\/\/www.joinmytrip.com\/blog\/","logo":{"@type":"ImageObject","inLanguage":"en-US","@id":"https:\/\/www.joinmytrip.com\/blog\/#\/schema\/logo\/image\/","url":"https:\/\/www.joinmytrip.com\/blog\/wp-content\/uploads\/2022\/07\/JoinMyTrip_Logo_transparent.png","contentUrl":"https:\/\/www.joinmytrip.com\/blog\/wp-content\/uploads\/2022\/07\/JoinMyTrip_Logo_transparent.png","width":466,"height":566,"caption":"JoinMyTrip"},"image":{"@id":"https:\/\/www.joinmytrip.com\/blog\/#\/schema\/logo\/image\/"},"sameAs":["https:\/\/www.facebook.com\/joinmytripDE\/","https:\/\/www.instagram.com\/joinmytrip_\/","https:\/\/www.linkedin.com\/company\/joinmytrip1"]},{"@type":"Person","@id":"https:\/\/www.joinmytrip.com\/blog\/#\/schema\/person\/823d460c9a1bb8122ac740f3ba1f8155","name":"Dyah","image":{"@type":"ImageObject","inLanguage":"en-US","@id":"https:\/\/secure.gravatar.com\/avatar\/f87388b634a234cc4f415a644cc1bd7048a09f008ec71d012bf1422082b2707b?s=96&d=mm&r=g","url":"https:\/\/secure.gravatar.com\/avatar\/f87388b634a234cc4f415a644cc1bd7048a09f008ec71d012bf1422082b2707b?s=96&d=mm&r=g","contentUrl":"https:\/\/secure.gravatar.com\/avatar\/f87388b634a234cc4f415a644cc1bd7048a09f008ec71d012bf1422082b2707b?s=96&d=mm&r=g","caption":"Dyah"},"description":"Dyah has been writing travel content for over three and a half years, exploring Southeast Asia and Japan along the way. Her experiences have shaped her ability to share practical tips and authentic local insights with travelers. At JoinMyTrip, she combines her passion for storytelling with community-building through the blog.","url":"https:\/\/www.joinmytrip.com\/blog\/author\/dyah\/"}]}},"_links":{"self":[{"href":"https:\/\/www.joinmytrip.com\/blog\/wp-json\/wp\/v2\/posts\/5584","targetHints":{"allow":["GET"]}}],"collection":[{"href":"https:\/\/www.joinmytrip.com\/blog\/wp-json\/wp\/v2\/posts"}],"about":[{"href":"https:\/\/www.joinmytrip.com\/blog\/wp-json\/wp\/v2\/types\/post"}],"author":[{"embeddable":true,"href":"https:\/\/www.joinmytrip.com\/blog\/wp-json\/wp\/v2\/users\/35"}],"replies":[{"embeddable":true,"href":"https:\/\/www.joinmytrip.com\/blog\/wp-json\/wp\/v2\/comments?post=5584"}],"version-history":[{"count":0,"href":"https:\/\/www.joinmytrip.com\/blog\/wp-json\/wp\/v2\/posts\/5584\/revisions"}],"wp:featuredmedia":[{"embeddable":true,"href":"https:\/\/www.joinmytrip.com\/blog\/wp-json\/wp\/v2\/media\/5585"}],"wp:attachment":[{"href":"https:\/\/www.joinmytrip.com\/blog\/wp-json\/wp\/v2\/media?parent=5584"}],"wp:term":[{"taxonomy":"category","embeddable":true,"href":"https:\/\/www.joinmytrip.com\/blog\/wp-json\/wp\/v2\/categories?post=5584"},{"taxonomy":"post_tag","embeddable":true,"href":"https:\/\/www.joinmytrip.com\/blog\/wp-json\/wp\/v2\/tags?post=5584"}],"curies":[{"name":"wp","href":"https:\/\/api.w.org\/{rel}","templated":true}]}}